{"id":518,"date":"2018-12-02T23:49:15","date_gmt":"2018-12-02T23:49:15","guid":{"rendered":"https:\/\/www.firstgulfproperties.com\/?p=518"},"modified":"2024-10-04T08:37:31","modified_gmt":"2024-10-04T08:37:31","slug":"kurs-3-florian-richter-viola","status":"publish","type":"post","link":"https:\/\/www.muehldorfer-sommerakademie.de\/?p=518","title":{"rendered":"Kurs 2: Florian Richter &#8211; Viola"},"content":{"rendered":"ngg_shortcode_0_placeholder\n<p><strong>Florian Richter<\/strong>, geboren 1985 in Oschatz, erhielt seinen ersten Unterricht im Fach Violine an der Hochschule f\u00fcr Musik und Theater \u201eFelix Mendelssohn Bartholdy\u201c in Leipzig bei Prof. Klaus Hertel. Im Jahr 2000 wechselte er zur Viola, 2001 an das Musikgymnasium Schloss Belvedere Weimar in die Klasse von Prof. Erich Wolfgang Kr\u00fcger.<\/p>\n<p>Von 2004 bis 2014 studierte der mehrfache Bundespreistr\u00e4ger von \u201eJugend musiziert\u201c an der Hochschule f\u00fcr Musik FRANZ LISZT Weimar bei Prof. Ditte Leser \/ Prof. Erich Kr\u00fcger und schloss seine Ausbildung mit dem Konzertexamen ab.<\/p>\n<p>Wichtige musikalische Impulse erhielt er dar\u00fcber hinaus bei Meisterkursen unter anderem bei Prof. Alfred Lipka, Prof. Dietmar Hallmann, Prof. Hartmut Rohde, Prof. Martin Spangenberg und Prof. Norbert Brainin. Florian Richter war Stipendiat der Hans und Eugenia J\u00fctting Stiftung, der Deutschen Stiftung Musikleben und der Carl Flesch Akademie. Als Solist spielte er unter anderem unter der Leitung von Johannes Klumpp, Helmuth Rilling, Stefan Solyom, Michael Sanderling und Marek Janowski.<\/p>\n<p>Im Januar 2020 gab Florian Richter sein Solo Deb\u00fct mit der \u00bbS\u00e4chsischen Staatskapelle Dresden\u00ab unter der Leitung von Bruno Weil. Von 2010 bis 2012 war Florian Richter Solobratscher der Staatskapelle Weimar, von 2012 bis 2017 in gleicher Position beim Staatsorchester Stuttgart t\u00e4tig.<\/p>\n<p>Bereits von 2010 bis 2017 engagierte er sich zudem am Musikgymnasium Schloss Belvedere in Weimar f\u00fcr den Nachwuchs im Fach Viola. Danach folgte Florian Richter von 2017 bis 2024 dem Ruf der Hochschule f\u00fcr Musik in N\u00fcrnberg als Professor f\u00fcr Viola. Seit August 2017 ist Florian Richter Solobratscher der S\u00e4chsischen Staatskapelle Dresden. Seit dem 1. April 2024 ist er nun neuer Professor f\u00fcr Viola an der Hochschule f\u00fcr Musik \u201eFranz Liszt\u201c in Weimar. Damit folgt der 39-J\u00e4hrige, der bereits seit 2017 als Bratschenprofessor in N\u00fcrnberg gelehrt hatte, einem Ruf an seine fr\u00fchere Alma Mater.<\/p>\n","protected":false},"excerpt":{"rendered":"<p>Florian Richter, geboren 1985 in Oschatz, erhielt seinen ersten Unterricht im Fach Violine an der Hochschule f\u00fcr Musik und Theater \u201eFelix Mendelssohn Bartholdy\u201c in Leipzig bei Prof. Klaus Hertel. Im Jahr 2000 wechselte er zur Viola, 2001 an das Musikgymnasium Schloss Belvedere Weimar in die Klasse von Prof. Erich Wolfgang Kr\u00fcger. Von 2004 bis 2014 studierte der mehrfache Bundespreistr\u00e4ger von \u201eJugend musiziert\u201c an der Hochschule f\u00fcr Musik FRANZ LISZT Weimar bei Prof. Ditte Leser \/ Prof. Erich Kr\u00fcger und schloss seine Ausbildung mit dem Konzertexamen ab. Wichtige musikalische Impulse erhielt er dar\u00fcber hinaus bei Meisterkursen unter anderem bei Prof. Alfred Lipka,&#8230;<\/p>\n","protected":false},"author":7,"featured_media":0,"comment_status":"closed","ping_status":"closed","sticky":false,"template":"","format":"standard","meta":{"xn-wppe-expiration":[],"xn-wppe-expiration-action":[],"xn-wppe-expiration-prefix":[],"_crdt_document":"","ngg_post_thumbnail":0,"footnotes":""},"categories":[73],"tags":[],"class_list":["post-518","post","type-post","status-publish","format-standard","hentry","category-dozenten"],"acf":[],"_links":{"self":[{"href":"https:\/\/www.muehldorfer-sommerakademie.de\/index.php?rest_route=\/wp\/v2\/posts\/518","targetHints":{"allow":["GET"]}}],"collection":[{"href":"https:\/\/www.muehldorfer-sommerakademie.de\/index.php?rest_route=\/wp\/v2\/posts"}],"about":[{"href":"https:\/\/www.muehldorfer-sommerakademie.de\/index.php?rest_route=\/wp\/v2\/types\/post"}],"author":[{"embeddable":true,"href":"https:\/\/www.muehldorfer-sommerakademie.de\/index.php?rest_route=\/wp\/v2\/users\/7"}],"replies":[{"embeddable":true,"href":"https:\/\/www.muehldorfer-sommerakademie.de\/index.php?rest_route=%2Fwp%2Fv2%2Fcomments&post=518"}],"version-history":[{"count":12,"href":"https:\/\/www.muehldorfer-sommerakademie.de\/index.php?rest_route=\/wp\/v2\/posts\/518\/revisions"}],"predecessor-version":[{"id":1483,"href":"https:\/\/www.muehldorfer-sommerakademie.de\/index.php?rest_route=\/wp\/v2\/posts\/518\/revisions\/1483"}],"wp:attachment":[{"href":"https:\/\/www.muehldorfer-sommerakademie.de\/index.php?rest_route=%2Fwp%2Fv2%2Fmedia&parent=518"}],"wp:term":[{"taxonomy":"category","embeddable":true,"href":"https:\/\/www.muehldorfer-sommerakademie.de\/index.php?rest_route=%2Fwp%2Fv2%2Fcategories&post=518"},{"taxonomy":"post_tag","embeddable":true,"href":"https:\/\/www.muehldorfer-sommerakademie.de\/index.php?rest_route=%2Fwp%2Fv2%2Ftags&post=518"}],"curies":[{"name":"wp","href":"https:\/\/api.w.org\/{rel}","templated":true}]}}