{"id":457,"date":"2018-12-02T22:38:47","date_gmt":"2018-12-02T22:38:47","guid":{"rendered":"https:\/\/www.firstgulfproperties.com\/?p=457"},"modified":"2024-10-02T13:02:37","modified_gmt":"2024-10-02T13:02:37","slug":"ueber-uns","status":"publish","type":"post","link":"https:\/\/www.muehldorfer-sommerakademie.de\/?p=457","title":{"rendered":"\u00dcber uns"},"content":{"rendered":"<p><!--:de--><\/p>\nngg_shortcode_0_placeholder\n<p><strong>Schirmherrschaft<\/strong><\/p>\n<p>Michael Hetzl, 1. B\u00fcrgermeister der Kreisstadt M\u00fchldorf a. Inn<\/p>\n<p>Claudia Hungerhuber, Kulturreferentin<\/p>\n<p><strong>Gesamtleitung<\/strong><\/p>\n<p>Thomas Breitsameter, Leiter der St\u00e4dtischen Musikschule M\u00fchldorf a. Inn<\/p>\n<p><strong>K\u00fcnstlerische Leitung<\/strong><\/p>\n<p>Frithjof-Martin Grabner, Professor an der Hochschule f\u00fcr Musik und Theater<br \/>\n<em>&#8222;Felix Mendelssohn Bartholdy&#8220;<\/em> Leipzig<\/p>\n<p><strong>Veranstalter<\/strong><\/p>\n<p>Die M\u00fchldorfer Sommerakademie wurde von der <strong>Stadt M\u00fchldorf a. Inn<\/strong> im Jahr 2003 als eines der nachhaltigen Ergebnisse der vielbeachteten Ausstellung <em>&#8222;M\u00fchldorf a. Inn &#8211; Salzburg in Bayern&#8220;<\/em> gegr\u00fcndet. Seit 2015 wird sie vom <strong>Verein <em>&#8222;M\u00fchldorfer Sommerakademie e. V.&#8220;<\/em> <\/strong>organisiert. Die Meisterkurse der M\u00fchldorfer Sommerakademie richten sich gleicherma\u00dfen an fortgeschrittene Musiksch\u00fcler, Musikstudierende, Berufsmusiker, Instrumentallehrer, eingespielte Ensembles und Solisten. Alle genannten Zielgruppen haben bei uns die M\u00f6glichkeit, sich \u00fcber einen Zeitraum von 11 Tagen unter der Anleitung und Betreuung international bekannter Dozenten optimal auf eine Pr\u00fcfung, einen Wettbewerb, einen Konzertauftritt oder ein Probespiel vorzubereiten und sich instrumental und musikalisch weiterzubilden.<\/p>\n<p>Der k\u00fcnstlerische Leiter der M\u00fchldorfer Sommerakademie, Prof. Frithjof Martin Grabner und seine Dozenten bieten den Kursteilnehmern dabei neben der individuellen Einzelbetreuung im Bereich der Sololiteratur auch die M\u00f6glichkeit, Kammermusikwerke zu erarbeiten. Dabei sollen auch gemischte Ensembles gebildet werden. Bestehende Kammermusikensembles (ab Triobesetzung) erhalten eine Erm\u00e4\u00dfigung (von derzeit \u20ac 50.- pro Teilnehmer) auf die Kursgeb\u00fchr. Die St\u00e4dtische Musikschule M\u00fchldorf a. Inn bietet mit ihren Unterrichtsr\u00e4umen im Zentrum der historischen M\u00fchldorfer Altstadt die idealen Voraussetzungen f\u00fcr eine intensive und erfolgreiche Arbeitsphase.<\/p>\n<p><strong>Vereinsgr\u00fcndung<\/strong><\/p>\n<p>Im September 2014 wurde der gemeinn\u00fctzige Verein <strong>&#8222;M\u00fchldorfer Sommerakademie e. V.&#8220;<\/strong> gegr\u00fcndet, um der Akademie eine noch breitere Basis zu geben.<\/p>\n<p>Seit 2015 organisiert dieser Verein, derzeit vertreten durch seinen 1. Vorsitzenden Franz Hanninger und den 2. Vorsitzenden Prof. Frithjof-Martin Grabner, seinem Schatzmeister Thomas Breitsameter und dem Vorstandschaftsmitglied Claudia Hungerhuber (Stadtr\u00e4tin &amp; Kulturreferentin der Kreisstadt M\u00fchldorf a. Inn) das Kursangebot und f\u00fchrt die Meisterkurse durch.<\/p>\n<p><strong>Bankverbindung:<\/strong><\/p>\n<p>Kontoinhaber: M\u00fchldorfer Sommerakademie e. V.<br \/>\nKreditinstitut: VR-Bank Alt\u00f6tting-M\u00fchldorf eG<br \/>\nIBAN: DE14 7116 0000 0005 7454 03<br \/>\nBIC: GENODEF 1VRR<\/p>\n<p><strong><img loading=\"lazy\" decoding=\"async\" class=\"alignnone size-medium wp-image-1410\" src=\"https:\/\/www.muehldorfer-sommerakademie.de\/wp-content\/uploads\/2018\/12\/Logo_Sparkasse-300x120.jpg\" alt=\"\" width=\"300\" height=\"120\" srcset=\"https:\/\/www.muehldorfer-sommerakademie.de\/wp-content\/uploads\/2018\/12\/Logo_Sparkasse-300x120.jpg 300w, https:\/\/www.muehldorfer-sommerakademie.de\/wp-content\/uploads\/2018\/12\/Logo_Sparkasse-1024x408.jpg 1024w, https:\/\/www.muehldorfer-sommerakademie.de\/wp-content\/uploads\/2018\/12\/Logo_Sparkasse-768x306.jpg 768w, https:\/\/www.muehldorfer-sommerakademie.de\/wp-content\/uploads\/2018\/12\/Logo_Sparkasse.jpg 1046w\" sizes=\"auto, (max-width: 300px) 100vw, 300px\" \/><br \/>\n<\/strong><\/p>\n<p><img decoding=\"async\" src=\"https:\/\/www.muehldorfer-sommerakademie.de\/wp-content\/uploads\/2018\/12\/Logo_Bezirk_Obb_800x237.jpg\" alt=\"Oberbayern\" width=\"300\" \/><\/p>\n<p><img decoding=\"async\" src=\"https:\/\/www.muehldorfer-sommerakademie.de\/wp-content\/uploads\/2018\/12\/Stadtwerke-Farbe-768x211.jpg\" alt=\"Stadtwerke Logo\" width=\"300\" \/><\/p>\n<p><img loading=\"lazy\" decoding=\"async\" class=\"alignnone size-medium wp-image-1347\" src=\"https:\/\/www.muehldorfer-sommerakademie.de\/wp-content\/uploads\/2024\/10\/Logo_Rotary_Muehldorf1-300x91.png\" alt=\"\" width=\"300\" height=\"91\" srcset=\"https:\/\/www.muehldorfer-sommerakademie.de\/wp-content\/uploads\/2024\/10\/Logo_Rotary_Muehldorf1-300x91.png 300w, https:\/\/www.muehldorfer-sommerakademie.de\/wp-content\/uploads\/2024\/10\/Logo_Rotary_Muehldorf1.png 310w\" sizes=\"auto, (max-width: 300px) 100vw, 300px\" \/><\/p>\n<p>a&gt;<\/p>\n","protected":false},"excerpt":{"rendered":"<p>Schirmherrschaft Michael Hetzl, 1. B\u00fcrgermeister der Kreisstadt M\u00fchldorf a. Inn Claudia Hungerhuber, Kulturreferentin Gesamtleitung Thomas Breitsameter, Leiter der St\u00e4dtischen Musikschule M\u00fchldorf a. Inn K\u00fcnstlerische Leitung Frithjof-Martin Grabner, Professor an der Hochschule f\u00fcr Musik und Theater &#8222;Felix Mendelssohn Bartholdy&#8220; Leipzig Veranstalter Die M\u00fchldorfer Sommerakademie wurde von der Stadt M\u00fchldorf a. Inn im Jahr 2003 als eines der nachhaltigen Ergebnisse der vielbeachteten Ausstellung &#8222;M\u00fchldorf a. Inn &#8211; Salzburg in Bayern&#8220; gegr\u00fcndet. Seit 2015 wird sie vom Verein &#8222;M\u00fchldorfer Sommerakademie e. V.&#8220; organisiert. Die Meisterkurse der M\u00fchldorfer Sommerakademie richten sich gleicherma\u00dfen an fortgeschrittene Musiksch\u00fcler, Musikstudierende, Berufsmusiker, Instrumentallehrer, eingespielte Ensembles und Solisten. Alle genannten Zielgruppen&#8230;<\/p>\n","protected":false},"author":7,"featured_media":0,"comment_status":"closed","ping_status":"closed","sticky":false,"template":"","format":"standard","meta":{"xn-wppe-expiration":[],"xn-wppe-expiration-action":[],"xn-wppe-expiration-prefix":[],"_crdt_document":"","ngg_post_thumbnail":0,"footnotes":""},"categories":[1],"tags":[],"class_list":["post-457","post","type-post","status-publish","format-standard","hentry","category-akademie"],"acf":[],"_links":{"self":[{"href":"https:\/\/www.muehldorfer-sommerakademie.de\/index.php?rest_route=\/wp\/v2\/posts\/457","targetHints":{"allow":["GET"]}}],"collection":[{"href":"https:\/\/www.muehldorfer-sommerakademie.de\/index.php?rest_route=\/wp\/v2\/posts"}],"about":[{"href":"https:\/\/www.muehldorfer-sommerakademie.de\/index.php?rest_route=\/wp\/v2\/types\/post"}],"author":[{"embeddable":true,"href":"https:\/\/www.muehldorfer-sommerakademie.de\/index.php?rest_route=\/wp\/v2\/users\/7"}],"replies":[{"embeddable":true,"href":"https:\/\/www.muehldorfer-sommerakademie.de\/index.php?rest_route=%2Fwp%2Fv2%2Fcomments&post=457"}],"version-history":[{"count":10,"href":"https:\/\/www.muehldorfer-sommerakademie.de\/index.php?rest_route=\/wp\/v2\/posts\/457\/revisions"}],"predecessor-version":[{"id":1411,"href":"https:\/\/www.muehldorfer-sommerakademie.de\/index.php?rest_route=\/wp\/v2\/posts\/457\/revisions\/1411"}],"wp:attachment":[{"href":"https:\/\/www.muehldorfer-sommerakademie.de\/index.php?rest_route=%2Fwp%2Fv2%2Fmedia&parent=457"}],"wp:term":[{"taxonomy":"category","embeddable":true,"href":"https:\/\/www.muehldorfer-sommerakademie.de\/index.php?rest_route=%2Fwp%2Fv2%2Fcategories&post=457"},{"taxonomy":"post_tag","embeddable":true,"href":"https:\/\/www.muehldorfer-sommerakademie.de\/index.php?rest_route=%2Fwp%2Fv2%2Ftags&post=457"}],"curies":[{"name":"wp","href":"https:\/\/api.w.org\/{rel}","templated":true}]}}